{"id":13293,"date":"2026-09-02T16:49:50","date_gmt":"2026-09-02T14:49:50","guid":{"rendered":"https:\/\/esdi.es\/noticias\/esdi-i-teixits-torne-impulsen-nous-teixits-a-partir-de-llana-reciclada-postconsum\/"},"modified":"2026-09-02T17:01:30","modified_gmt":"2026-09-02T15:01:30","slug":"llana-reciclada-nous-teixits-moda","status":"publish","type":"post","link":"https:\/\/esdi.es\/ca\/noticias\/llana-reciclada-nous-teixits-moda\/","title":{"rendered":"ESDI i Teixits Torn\u00e9 impulsen nous teixits a partir de llana reciclada postconsum"},"content":{"rendered":"<h3>ESDI i Teixits Torn\u00e9, amb la col\u00b7laboraci\u00f3 de MODACC, participen en un nou projecte d&#8217;innovaci\u00f3 per desenvolupar teixits de calada a partir de fils de llana reciclada postconsum i explorar-ne l&#8217;aplicaci\u00f3 en futures col\u00b7leccions de moda.<\/h3>\n<p>La iniciativa, subvencionada per l&#8217; <a href=\"https:\/\/residus.gencat.cat\/es\/inici\/\" target=\"_blank\" rel=\"noopener\">Ag\u00e8ncia de Residus de Catalunya (ARC)<\/a>, cerca avan\u00e7ar en la creaci\u00f3 d&#8217;una nova cadena de valor circular dins de la ind\u00fastria t\u00e8xtil catalana, transformant residus t\u00e8xtils en nous materials amb potencial industrial i comercial.<\/p>\n<p>El projecte parteix dels resultats de CIRCULARWOOL, una iniciativa anterior en qu\u00e8 es van desenvolupar fils amb un alt contingut de llana procedent de residus t\u00e8xtils postconsum. Les primeres proves es van centrar en aplicacions de g\u00e8nere de punt i, tot i mostrar un important potencial ambiental, van evidenciar alguns reptes relacionats amb la suavitat, el confort i la durabilitat del material.<\/p>\n<p>Aquesta nova fase investiga el comportament dels fils en estructures de teixit de calada i experimenta amb diferents processos d&#8217;acabat per millorar-ne tant les propietats t\u00e8cniques com sensorials.<\/p>\n<h2>Del material al disseny: experimentaci\u00f3 i noves aplicacions<\/h2>\n<p>Al llarg del projecte es desenvoluparan diferents prototips de teixit i s&#8217;assajaran tractaments orientats a millorar aspectes com la suavitat, l&#8217;estabilitat dimensional, la resist\u00e8ncia al pilling, la solidesa del color i la durabilitat durant l&#8217;\u00fas i les rentades.<\/p>\n<p>En aquest proc\u00e9s, <a href=\"https:\/\/textiltorne.es\/\" target=\"_blank\" rel=\"noopener\">Teixits Torn\u00e9<\/a> aporta la seva experi\u00e8ncia industrial en teixidura i desenvolupament de teixits reciclats, mentre que ESDI participa en la conceptualitzaci\u00f3 i creaci\u00f3 de peces de roba i objectes t\u00e8xtils demostratius, implicant alumnat i professorat especialitzat.<\/p>\n<p>Aquesta fase permetr\u00e0 explorar el material des de la pr\u00e0ctica del disseny i comprovar com les seves propietats es poden traslladar a productes i aplicacions reals dins del sector de la moda.<\/p>\n<p>Per la seva banda, <a href=\"https:\/\/modacc.cat\/\" target=\"_blank\" rel=\"noopener\">MODACC \u2013 Cl\u00faster Catal\u00e0 de la Moda<\/a> facilita la connexi\u00f3 del projecte amb les empreses del sector i contribueix a contrastar els desenvolupaments amb les necessitats reals del mercat.<\/p>\n<div id='gallery-1' class='gallery galleryid-13293 gallery-columns-2 gallery-size-large'><figure class='gallery-item'>\n\t\t\t<div class='gallery-icon landscape'>\n\t\t\t\t<a href='https:\/\/esdi.es\/ca\/noticias\/llana-reciclada-nous-teixits-moda\/llana-reciclada2-2\/'><img loading=\"lazy\" decoding=\"async\" width=\"1000\" height=\"667\" src=\"https:\/\/esdi.es\/wp-content\/uploads\/2026\/09\/llana-reciclada2.webp\" class=\"attachment-large size-large\" alt=\"Prototipos de tejidos elaborados con lana reciclada\" srcset=\"https:\/\/esdi.es\/wp-content\/uploads\/2026\/09\/llana-reciclada2.webp 1000w, https:\/\/esdi.es\/wp-content\/uploads\/2026\/09\/llana-reciclada2-300x200.webp 300w, https:\/\/esdi.es\/wp-content\/uploads\/2026\/09\/llana-reciclada2-768x512.webp 768w\" sizes=\"auto, (max-width: 1000px) 100vw, 1000px\" \/><\/a>\n\t\t\t<\/div><\/figure><figure class='gallery-item'>\n\t\t\t<div class='gallery-icon landscape'>\n\t\t\t\t<a href='https:\/\/esdi.es\/ca\/noticias\/llana-reciclada-nous-teixits-moda\/llana-reciclada4-2\/'><img loading=\"lazy\" decoding=\"async\" width=\"1000\" height=\"667\" src=\"https:\/\/esdi.es\/wp-content\/uploads\/2026\/09\/llana-reciclada4.webp\" class=\"attachment-large size-large\" alt=\"Alumnado de ESDI explorando aplicaciones de dise\u00f1o con lana reciclada\" srcset=\"https:\/\/esdi.es\/wp-content\/uploads\/2026\/09\/llana-reciclada4.webp 1000w, https:\/\/esdi.es\/wp-content\/uploads\/2026\/09\/llana-reciclada4-300x200.webp 300w, https:\/\/esdi.es\/wp-content\/uploads\/2026\/09\/llana-reciclada4-768x512.webp 768w\" sizes=\"auto, (max-width: 1000px) 100vw, 1000px\" \/><\/a>\n\t\t\t<\/div><\/figure>\n\t\t<\/div>\n\n<h2>Dissenyar noves oportunitats per a la llana postconsum<\/h2>\n<p>Un dels principals reptes del projecte \u00e9s demostrar que els residus t\u00e8xtils de llana postconsum es poden reincorporar al sistema productiu convertits en nous materials de valor.<\/p>\n<p>La iniciativa contribueix aix\u00ed a reduir la depend\u00e8ncia de primeres mat\u00e8ries verges, donar una nova vida als residus t\u00e8xtils i afavorir models de producci\u00f3 m\u00e9s circulars i locals, connectant innovaci\u00f3 t\u00e8cnica, disseny i ind\u00fastria.<\/p>\n<p>Entre els resultats previstos hi ha el desenvolupament de fins a 20 prototips de teixit, la validaci\u00f3 dels materials amb almenys cinc empreses de moda i la creaci\u00f3 de peces demostratives que permetin mostrar-ne les possibilitats d&#8217;aplicaci\u00f3.<\/p>\n<p>El projecte s&#8217;emmarca en la l\u00ednia de treball d&#8217;ESDI al voltant de la sostenibilitat, l&#8217;ecodisseny i la investigaci\u00f3 aplicada, i promou projectes que connecten el coneixement acad\u00e8mic amb els reptes ambientals i productius de la ind\u00fastria.<\/p>\n<p><img loading=\"lazy\" decoding=\"async\" class=\"alignnone wp-image-13296\" src=\"https:\/\/esdi.es\/wp-content\/uploads\/2026\/09\/logo_ARC_GENERALITAT_png.webp\" alt=\"\" width=\"750\" height=\"131\" srcset=\"https:\/\/esdi.es\/wp-content\/uploads\/2026\/09\/logo_ARC_GENERALITAT_png.webp 1000w, https:\/\/esdi.es\/wp-content\/uploads\/2026\/09\/logo_ARC_GENERALITAT_png-300x52.webp 300w, https:\/\/esdi.es\/wp-content\/uploads\/2026\/09\/logo_ARC_GENERALITAT_png-768x134.webp 768w\" sizes=\"auto, (max-width: 750px) 100vw, 750px\" \/><\/p>\n","protected":false},"excerpt":{"rendered":"<p>ESDI i Teixits Torn\u00e9, amb la col\u00b7laboraci\u00f3 de MODACC, participen en un nou projecte d&#8217;innovaci\u00f3 per desenvolupar teixits de calada a partir de fils de llana reciclada postconsum i explorar-ne l&#8217;aplicaci\u00f3 en futures col\u00b7leccions de moda. La iniciativa, subvencionada per l&#8217; Ag\u00e8ncia de Residus de Catalunya (ARC), cerca avan\u00e7ar en la creaci\u00f3 d&#8217;una nova cadena<a href=\"https:\/\/esdi.es\/ca\/noticias\/llana-reciclada-nous-teixits-moda\/\">Continue reading <span class=\"sr-only\">\u00abESDI i Teixits Torn\u00e9 impulsen nous teixits a partir de llana reciclada postconsum\u00bb<\/span><\/a><\/p>\n","protected":false},"author":3,"featured_media":13282,"comment_status":"closed","ping_status":"closed","sticky":false,"template":"","format":"standard","meta":{"_acf_changed":false,"content-type":"","inline_featured_image":false,"footnotes":""},"categories":[84,81],"tags":[],"class_list":["post-13293","post","type-post","status-publish","format-standard","has-post-thumbnail","hentry","category-acuerdos","category-esdi"],"acf":[],"yoast_head":"<!-- This site is optimized with the Yoast SEO plugin v28.3 - https:\/\/yoast.com\/product\/yoast-seo-wordpress\/ -->\n<title>Llana reciclada per a nous teixits | ESDI X TEIXITS TORN\u00c9<\/title>\n<meta name=\"description\" content=\"ESDI i Teixits Torn\u00e9 investiguen nous teixits de moda amb llana reciclada postconsum en un projecte amb MODACC i el suport de l&#039;ARC.\" \/>\n<meta name=\"robots\" content=\"index, follow, max-snippet:-1, max-image-preview:large, max-video-preview:-1\" \/>\n<link rel=\"canonical\" href=\"https:\/\/esdi.es\/ca\/noticias\/llana-reciclada-nous-teixits-moda\/\" \/>\n<meta property=\"og:locale\" content=\"ca_ES\" \/>\n<meta property=\"og:type\" content=\"article\" \/>\n<meta property=\"og:title\" content=\"Llana reciclada per a nous teixits | ESDI X TEIXITS TORN\u00c9\" \/>\n<meta property=\"og:description\" content=\"ESDI i Teixits Torn\u00e9 investiguen nous teixits de moda amb llana reciclada postconsum en un projecte amb MODACC i el suport de l&#039;ARC.\" \/>\n<meta property=\"og:url\" content=\"https:\/\/esdi.es\/ca\/noticias\/llana-reciclada-nous-teixits-moda\/\" \/>\n<meta property=\"og:site_name\" content=\"ESDI\" \/>\n<meta property=\"article:published_time\" content=\"2026-09-02T14:49:50+00:00\" \/>\n<meta property=\"article:modified_time\" content=\"2026-09-02T15:01:30+00:00\" \/>\n<meta property=\"og:image\" content=\"https:\/\/esdi.es\/wp-content\/uploads\/2026\/09\/llana-reciclada6.webp\" \/>\n\t<meta property=\"og:image:width\" content=\"1000\" \/>\n\t<meta property=\"og:image:height\" content=\"667\" \/>\n\t<meta property=\"og:image:type\" content=\"image\/webp\" \/>\n<meta name=\"author\" content=\"bearoig\" \/>\n<meta name=\"twitter:card\" content=\"summary_large_image\" \/>\n<meta name=\"twitter:label1\" content=\"Escrit per\" \/>\n\t<meta name=\"twitter:data1\" content=\"bearoig\" \/>\n\t<meta name=\"twitter:label2\" content=\"Temps estimat de lectura\" \/>\n\t<meta name=\"twitter:data2\" content=\"3 minuts\" \/>\n<script type=\"application\/ld+json\" class=\"yoast-schema-graph\">{\"@context\":\"https:\\\/\\\/schema.org\",\"@graph\":[{\"@type\":\"Article\",\"@id\":\"https:\\\/\\\/esdi.es\\\/ca\\\/noticias\\\/llana-reciclada-nous-teixits-moda\\\/#article\",\"isPartOf\":{\"@id\":\"https:\\\/\\\/esdi.es\\\/ca\\\/noticias\\\/llana-reciclada-nous-teixits-moda\\\/\"},\"author\":{\"name\":\"bearoig\",\"@id\":\"https:\\\/\\\/esdi.es\\\/ca\\\/#\\\/schema\\\/person\\\/ddc16a97a560babc9e356b5ea4e164a8\"},\"headline\":\"ESDI i Teixits Torn\u00e9 impulsen nous teixits a partir de llana reciclada postconsum\",\"datePublished\":\"2026-09-02T14:49:50+00:00\",\"dateModified\":\"2026-09-02T15:01:30+00:00\",\"mainEntityOfPage\":{\"@id\":\"https:\\\/\\\/esdi.es\\\/ca\\\/noticias\\\/llana-reciclada-nous-teixits-moda\\\/\"},\"wordCount\":510,\"publisher\":{\"@id\":\"https:\\\/\\\/esdi.es\\\/ca\\\/#organization\"},\"image\":{\"@id\":\"https:\\\/\\\/esdi.es\\\/ca\\\/noticias\\\/llana-reciclada-nous-teixits-moda\\\/#primaryimage\"},\"thumbnailUrl\":\"https:\\\/\\\/esdi.es\\\/wp-content\\\/uploads\\\/2026\\\/09\\\/llana-reciclada6.webp\",\"articleSection\":[\"Acuerdos\",\"ESDI\"],\"inLanguage\":\"ca\"},{\"@type\":\"WebPage\",\"@id\":\"https:\\\/\\\/esdi.es\\\/ca\\\/noticias\\\/llana-reciclada-nous-teixits-moda\\\/\",\"url\":\"https:\\\/\\\/esdi.es\\\/ca\\\/noticias\\\/llana-reciclada-nous-teixits-moda\\\/\",\"name\":\"Llana reciclada per a nous teixits | ESDI X TEIXITS TORN\u00c9\",\"isPartOf\":{\"@id\":\"https:\\\/\\\/esdi.es\\\/ca\\\/#website\"},\"primaryImageOfPage\":{\"@id\":\"https:\\\/\\\/esdi.es\\\/ca\\\/noticias\\\/llana-reciclada-nous-teixits-moda\\\/#primaryimage\"},\"image\":{\"@id\":\"https:\\\/\\\/esdi.es\\\/ca\\\/noticias\\\/llana-reciclada-nous-teixits-moda\\\/#primaryimage\"},\"thumbnailUrl\":\"https:\\\/\\\/esdi.es\\\/wp-content\\\/uploads\\\/2026\\\/09\\\/llana-reciclada6.webp\",\"datePublished\":\"2026-09-02T14:49:50+00:00\",\"dateModified\":\"2026-09-02T15:01:30+00:00\",\"description\":\"ESDI i Teixits Torn\u00e9 investiguen nous teixits de moda amb llana reciclada postconsum en un projecte amb MODACC i el suport de l'ARC.\",\"breadcrumb\":{\"@id\":\"https:\\\/\\\/esdi.es\\\/ca\\\/noticias\\\/llana-reciclada-nous-teixits-moda\\\/#breadcrumb\"},\"inLanguage\":\"ca\",\"potentialAction\":[{\"@type\":\"ReadAction\",\"target\":[\"https:\\\/\\\/esdi.es\\\/ca\\\/noticias\\\/llana-reciclada-nous-teixits-moda\\\/\"]}]},{\"@type\":\"ImageObject\",\"inLanguage\":\"ca\",\"@id\":\"https:\\\/\\\/esdi.es\\\/ca\\\/noticias\\\/llana-reciclada-nous-teixits-moda\\\/#primaryimage\",\"url\":\"https:\\\/\\\/esdi.es\\\/wp-content\\\/uploads\\\/2026\\\/09\\\/llana-reciclada6.webp\",\"contentUrl\":\"https:\\\/\\\/esdi.es\\\/wp-content\\\/uploads\\\/2026\\\/09\\\/llana-reciclada6.webp\",\"width\":1000,\"height\":667,\"caption\":\"Experimentaci\u00f3n con tejidos de lana reciclada en el proyecto de ESDI y Teixits Torn\u00e9\"},{\"@type\":\"BreadcrumbList\",\"@id\":\"https:\\\/\\\/esdi.es\\\/ca\\\/noticias\\\/llana-reciclada-nous-teixits-moda\\\/#breadcrumb\",\"itemListElement\":[{\"@type\":\"ListItem\",\"position\":1,\"name\":\"Portada\",\"item\":\"https:\\\/\\\/esdi.es\\\/ca\\\/\"},{\"@type\":\"ListItem\",\"position\":2,\"name\":\"ESDI i Teixits Torn\u00e9 impulsen nous teixits a partir de llana reciclada postconsum\"}]},{\"@type\":\"WebSite\",\"@id\":\"https:\\\/\\\/esdi.es\\\/ca\\\/#website\",\"url\":\"https:\\\/\\\/esdi.es\\\/ca\\\/\",\"name\":\"ESDI\",\"description\":\"Escuela Superior de Dise\u00f1o\",\"publisher\":{\"@id\":\"https:\\\/\\\/esdi.es\\\/ca\\\/#organization\"},\"potentialAction\":[{\"@type\":\"SearchAction\",\"target\":{\"@type\":\"EntryPoint\",\"urlTemplate\":\"https:\\\/\\\/esdi.es\\\/ca\\\/?s={search_term_string}\"},\"query-input\":{\"@type\":\"PropertyValueSpecification\",\"valueRequired\":true,\"valueName\":\"search_term_string\"}}],\"inLanguage\":\"ca\"},{\"@type\":\"Organization\",\"@id\":\"https:\\\/\\\/esdi.es\\\/ca\\\/#organization\",\"name\":\"ESDI\",\"url\":\"https:\\\/\\\/esdi.es\\\/ca\\\/\",\"logo\":{\"@type\":\"ImageObject\",\"inLanguage\":\"ca\",\"@id\":\"https:\\\/\\\/esdi.es\\\/ca\\\/#\\\/schema\\\/logo\\\/image\\\/\",\"url\":\"https:\\\/\\\/esdi.es\\\/wp-content\\\/uploads\\\/2025\\\/12\\\/esdi-logo-black-v2.svg\",\"contentUrl\":\"https:\\\/\\\/esdi.es\\\/wp-content\\\/uploads\\\/2025\\\/12\\\/esdi-logo-black-v2.svg\",\"caption\":\"ESDI\"},\"image\":{\"@id\":\"https:\\\/\\\/esdi.es\\\/ca\\\/#\\\/schema\\\/logo\\\/image\\\/\"}},{\"@type\":\"Person\",\"@id\":\"https:\\\/\\\/esdi.es\\\/ca\\\/#\\\/schema\\\/person\\\/ddc16a97a560babc9e356b5ea4e164a8\",\"name\":\"bearoig\",\"image\":{\"@type\":\"ImageObject\",\"inLanguage\":\"ca\",\"@id\":\"https:\\\/\\\/secure.gravatar.com\\\/avatar\\\/3c7e57f7518907bc9bd2a951bf04a393fb0c9fb3cfc3351167d0f05626a54567?s=96&d=mm&r=g\",\"url\":\"https:\\\/\\\/secure.gravatar.com\\\/avatar\\\/3c7e57f7518907bc9bd2a951bf04a393fb0c9fb3cfc3351167d0f05626a54567?s=96&d=mm&r=g\",\"contentUrl\":\"https:\\\/\\\/secure.gravatar.com\\\/avatar\\\/3c7e57f7518907bc9bd2a951bf04a393fb0c9fb3cfc3351167d0f05626a54567?s=96&d=mm&r=g\",\"caption\":\"bearoig\"}}]}<\/script>\n<!-- \/ Yoast SEO plugin. -->","yoast_head_json":{"title":"Llana reciclada per a nous teixits | ESDI X TEIXITS TORN\u00c9","description":"ESDI i Teixits Torn\u00e9 investiguen nous teixits de moda amb llana reciclada postconsum en un projecte amb MODACC i el suport de l'ARC.","robots":{"index":"index","follow":"follow","max-snippet":"max-snippet:-1","max-image-preview":"max-image-preview:large","max-video-preview":"max-video-preview:-1"},"canonical":"https:\/\/esdi.es\/ca\/noticias\/llana-reciclada-nous-teixits-moda\/","og_locale":"ca_ES","og_type":"article","og_title":"Llana reciclada per a nous teixits | ESDI X TEIXITS TORN\u00c9","og_description":"ESDI i Teixits Torn\u00e9 investiguen nous teixits de moda amb llana reciclada postconsum en un projecte amb MODACC i el suport de l'ARC.","og_url":"https:\/\/esdi.es\/ca\/noticias\/llana-reciclada-nous-teixits-moda\/","og_site_name":"ESDI","article_published_time":"2026-09-02T14:49:50+00:00","article_modified_time":"2026-09-02T15:01:30+00:00","og_image":[{"width":1000,"height":667,"url":"https:\/\/esdi.es\/wp-content\/uploads\/2026\/09\/llana-reciclada6.webp","type":"image\/webp"}],"author":"bearoig","twitter_card":"summary_large_image","twitter_misc":{"Escrit per":"bearoig","Temps estimat de lectura":"3 minuts"},"schema":{"@context":"https:\/\/schema.org","@graph":[{"@type":"Article","@id":"https:\/\/esdi.es\/ca\/noticias\/llana-reciclada-nous-teixits-moda\/#article","isPartOf":{"@id":"https:\/\/esdi.es\/ca\/noticias\/llana-reciclada-nous-teixits-moda\/"},"author":{"name":"bearoig","@id":"https:\/\/esdi.es\/ca\/#\/schema\/person\/ddc16a97a560babc9e356b5ea4e164a8"},"headline":"ESDI i Teixits Torn\u00e9 impulsen nous teixits a partir de llana reciclada postconsum","datePublished":"2026-09-02T14:49:50+00:00","dateModified":"2026-09-02T15:01:30+00:00","mainEntityOfPage":{"@id":"https:\/\/esdi.es\/ca\/noticias\/llana-reciclada-nous-teixits-moda\/"},"wordCount":510,"publisher":{"@id":"https:\/\/esdi.es\/ca\/#organization"},"image":{"@id":"https:\/\/esdi.es\/ca\/noticias\/llana-reciclada-nous-teixits-moda\/#primaryimage"},"thumbnailUrl":"https:\/\/esdi.es\/wp-content\/uploads\/2026\/09\/llana-reciclada6.webp","articleSection":["Acuerdos","ESDI"],"inLanguage":"ca"},{"@type":"WebPage","@id":"https:\/\/esdi.es\/ca\/noticias\/llana-reciclada-nous-teixits-moda\/","url":"https:\/\/esdi.es\/ca\/noticias\/llana-reciclada-nous-teixits-moda\/","name":"Llana reciclada per a nous teixits | ESDI X TEIXITS TORN\u00c9","isPartOf":{"@id":"https:\/\/esdi.es\/ca\/#website"},"primaryImageOfPage":{"@id":"https:\/\/esdi.es\/ca\/noticias\/llana-reciclada-nous-teixits-moda\/#primaryimage"},"image":{"@id":"https:\/\/esdi.es\/ca\/noticias\/llana-reciclada-nous-teixits-moda\/#primaryimage"},"thumbnailUrl":"https:\/\/esdi.es\/wp-content\/uploads\/2026\/09\/llana-reciclada6.webp","datePublished":"2026-09-02T14:49:50+00:00","dateModified":"2026-09-02T15:01:30+00:00","description":"ESDI i Teixits Torn\u00e9 investiguen nous teixits de moda amb llana reciclada postconsum en un projecte amb MODACC i el suport de l'ARC.","breadcrumb":{"@id":"https:\/\/esdi.es\/ca\/noticias\/llana-reciclada-nous-teixits-moda\/#breadcrumb"},"inLanguage":"ca","potentialAction":[{"@type":"ReadAction","target":["https:\/\/esdi.es\/ca\/noticias\/llana-reciclada-nous-teixits-moda\/"]}]},{"@type":"ImageObject","inLanguage":"ca","@id":"https:\/\/esdi.es\/ca\/noticias\/llana-reciclada-nous-teixits-moda\/#primaryimage","url":"https:\/\/esdi.es\/wp-content\/uploads\/2026\/09\/llana-reciclada6.webp","contentUrl":"https:\/\/esdi.es\/wp-content\/uploads\/2026\/09\/llana-reciclada6.webp","width":1000,"height":667,"caption":"Experimentaci\u00f3n con tejidos de lana reciclada en el proyecto de ESDI y Teixits Torn\u00e9"},{"@type":"BreadcrumbList","@id":"https:\/\/esdi.es\/ca\/noticias\/llana-reciclada-nous-teixits-moda\/#breadcrumb","itemListElement":[{"@type":"ListItem","position":1,"name":"Portada","item":"https:\/\/esdi.es\/ca\/"},{"@type":"ListItem","position":2,"name":"ESDI i Teixits Torn\u00e9 impulsen nous teixits a partir de llana reciclada postconsum"}]},{"@type":"WebSite","@id":"https:\/\/esdi.es\/ca\/#website","url":"https:\/\/esdi.es\/ca\/","name":"ESDI","description":"Escuela Superior de Dise\u00f1o","publisher":{"@id":"https:\/\/esdi.es\/ca\/#organization"},"potentialAction":[{"@type":"SearchAction","target":{"@type":"EntryPoint","urlTemplate":"https:\/\/esdi.es\/ca\/?s={search_term_string}"},"query-input":{"@type":"PropertyValueSpecification","valueRequired":true,"valueName":"search_term_string"}}],"inLanguage":"ca"},{"@type":"Organization","@id":"https:\/\/esdi.es\/ca\/#organization","name":"ESDI","url":"https:\/\/esdi.es\/ca\/","logo":{"@type":"ImageObject","inLanguage":"ca","@id":"https:\/\/esdi.es\/ca\/#\/schema\/logo\/image\/","url":"https:\/\/esdi.es\/wp-content\/uploads\/2025\/12\/esdi-logo-black-v2.svg","contentUrl":"https:\/\/esdi.es\/wp-content\/uploads\/2025\/12\/esdi-logo-black-v2.svg","caption":"ESDI"},"image":{"@id":"https:\/\/esdi.es\/ca\/#\/schema\/logo\/image\/"}},{"@type":"Person","@id":"https:\/\/esdi.es\/ca\/#\/schema\/person\/ddc16a97a560babc9e356b5ea4e164a8","name":"bearoig","image":{"@type":"ImageObject","inLanguage":"ca","@id":"https:\/\/secure.gravatar.com\/avatar\/3c7e57f7518907bc9bd2a951bf04a393fb0c9fb3cfc3351167d0f05626a54567?s=96&d=mm&r=g","url":"https:\/\/secure.gravatar.com\/avatar\/3c7e57f7518907bc9bd2a951bf04a393fb0c9fb3cfc3351167d0f05626a54567?s=96&d=mm&r=g","contentUrl":"https:\/\/secure.gravatar.com\/avatar\/3c7e57f7518907bc9bd2a951bf04a393fb0c9fb3cfc3351167d0f05626a54567?s=96&d=mm&r=g","caption":"bearoig"}}]}},"_links":{"self":[{"href":"https:\/\/esdi.es\/ca\/wp-json\/wp\/v2\/posts\/13293","targetHints":{"allow":["GET"]}}],"collection":[{"href":"https:\/\/esdi.es\/ca\/wp-json\/wp\/v2\/posts"}],"about":[{"href":"https:\/\/esdi.es\/ca\/wp-json\/wp\/v2\/types\/post"}],"author":[{"embeddable":true,"href":"https:\/\/esdi.es\/ca\/wp-json\/wp\/v2\/users\/3"}],"replies":[{"embeddable":true,"href":"https:\/\/esdi.es\/ca\/wp-json\/wp\/v2\/comments?post=13293"}],"version-history":[{"count":2,"href":"https:\/\/esdi.es\/ca\/wp-json\/wp\/v2\/posts\/13293\/revisions"}],"predecessor-version":[{"id":13304,"href":"https:\/\/esdi.es\/ca\/wp-json\/wp\/v2\/posts\/13293\/revisions\/13304"}],"wp:featuredmedia":[{"embeddable":true,"href":"https:\/\/esdi.es\/ca\/wp-json\/wp\/v2\/media\/13282"}],"wp:attachment":[{"href":"https:\/\/esdi.es\/ca\/wp-json\/wp\/v2\/media?parent=13293"}],"wp:term":[{"taxonomy":"category","embeddable":true,"href":"https:\/\/esdi.es\/ca\/wp-json\/wp\/v2\/categories?post=13293"},{"taxonomy":"post_tag","embeddable":true,"href":"https:\/\/esdi.es\/ca\/wp-json\/wp\/v2\/tags?post=13293"}],"curies":[{"name":"wp","href":"https:\/\/api.w.org\/{rel}","templated":true}]}}